{"id":1607,"date":"2019-06-26T11:38:48","date_gmt":"2019-06-26T18:38:48","guid":{"rendered":"http:\/\/ceuno.com.mx\/sitio\/2019\/06\/26\/ssp-y-ceuno-trabajaran-coordinadamente-en-prevencion-del-delitohermosillo-sonora-26-de-junio\/"},"modified":"2019-08-03T00:46:47","modified_gmt":"2019-08-03T07:46:47","slug":"ssp-y-ceuno-trabajaran-coordinadamente-en-prevencion-del-delitohermosillo-sonora-26-de-junio","status":"publish","type":"post","link":"https:\/\/unhi.com.mx\/sitio\/ssp-y-ceuno-trabajaran-coordinadamente-en-prevencion-del-delitohermosillo-sonora-26-de-junio\/","title":{"rendered":"*SSP y CEUNO trabajar\u00e1n coordinadamente en prevenci\u00f3n del delito*\n\n*Hermosillo, Sonora, 26 de junio &#8230;"},"content":{"rendered":"\n<p><a href=\"https:\/\/www.facebook.com\/Haronews\/photos\/a.554953511677912\/619822108524385\/?type=3\"><\/a><br \/><a href=\"https:\/\/www.facebook.com\/Haronews\/photos\/a.554953511677912\/619822108524385\/?type=3\"><img decoding=\"async\" class=\"wp_automatic_fb_img\" title=\"\" src=\"http:\/\/ceuno.com.mx\/sitio\/wp-content\/uploads\/2019\/08\/ssp-y-ceuno-trabajaran-coordinadamente-en-prevencion-del-delitohermosillo-sonora-26-de-junio.xx&#038;oh=efe060abfaf86443b69c2e1a7dc5fcd3&#038;oe=5DA4F1CD\" \/><\/a><br \/><a href=\"https:\/\/www.facebook.com\/Haronews\/photos\/a.554953511677912\/619822108524385\/?type=3\"><img decoding=\"async\" class=\"wp_automatic_fb_img\" title=\"\" src=\"http:\/\/ceuno.com.mx\/sitio\/wp-content\/uploads\/2019\/08\/ssp-y-ceuno-trabajaran-coordinadamente-en-prevencion-del-delitohermosillo-sonora-26-de-junio.xx&#038;oh=1791c7ccc3209bcd457c6d47d8cfa284&#038;oe=5DEBC260\" \/><\/a><br \/><a href=\"https:\/\/www.facebook.com\/Haronews\/photos\/a.554953511677912\/619822108524385\/?type=3\"><img decoding=\"async\" class=\"wp_automatic_fb_img\" title=\"\" src=\"http:\/\/ceuno.com.mx\/sitio\/wp-content\/uploads\/2019\/08\/ssp-y-ceuno-trabajaran-coordinadamente-en-prevencion-del-delitohermosillo-sonora-26-de-junio.xx&#038;oh=043bca0e92b5e83c334225fd11104953&#038;oe=5DE3D288\" \/><\/a><br \/><a href=\"https:\/\/www.facebook.com\/Haronews\/photos\/a.554953511677912\/619822108524385\/?type=3\"><img decoding=\"async\" class=\"wp_automatic_fb_img\" title=\"\" src=\"http:\/\/ceuno.com.mx\/sitio\/wp-content\/uploads\/2019\/08\/ssp-y-ceuno-trabajaran-coordinadamente-en-prevencion-del-delitohermosillo-sonora-26-de-junio.xx&#038;oh=90900f91524dc87959e48134155437f8&#038;oe=5DA10CD5\" \/><\/a><br \/><a href=\"https:\/\/www.facebook.com\/Haronews\/photos\/a.554953511677912\/619822108524385\/?type=3\"><img decoding=\"async\" class=\"wp_automatic_fb_img\" title=\"\" src=\"http:\/\/ceuno.com.mx\/sitio\/wp-content\/uploads\/2019\/08\/ssp-y-ceuno-trabajaran-coordinadamente-en-prevencion-del-delitohermosillo-sonora-26-de-junio.xx&#038;oh=951984c4f00fd85b0650ae155e97b456&#038;oe=5DDCD608\" \/><\/a><br \/>*SSP y CEUNO trabajar\u00e1n coordinadamente en prevenci\u00f3n del delito*<\/p>\n<p>*Hermosillo, Sonora, 26 de junio de 2019*.- Con el prop\u00f3sito de involucrar a instituciones acad\u00e9micas en labores de prevenci\u00f3n del delito que realiza el programa estatal \u201cMovimiento Acciones por la Seguridad, MAS\u201d, los titulares de la Secretar\u00eda de Seguridad P\u00fablica (SSP) y el Centro de Estudios Universitarios del Nuevo Occidente (CEUNO) firman convenio de colaboraci\u00f3n.<\/p>\n<p>El secretario de Seguridad P\u00fablica, David Anaya Cooley junto al rector del CEUNO, Ezequiel Mac.Callum Niebla, inform\u00f3 que en el trabajo de construcci\u00f3n de seguridad en Sonora, el programa MAS, est\u00e1 sumando a todos los sectores. <\/p>\n<p>Record\u00f3 que MAS fue implementado por la gobernadora Claudia Pavlovich Arellano a trav\u00e9s de la SSP, el cual es una estrategia integral de car\u00e1cter preventivo de Seguridad Ciudadana que se coordina con los tres \u00f3rdenes de Gobierno, las organizaciones de la sociedad civil y la ciudadan\u00eda, delineando acciones que buscan responder a los problemas de la inseguridad, violencia, delincuencia que afectan nuestro entorno.<\/p>\n<p>Agrego que este programa tiene como eje fundamental: \u201cJuventudes por la Paz\u201d, donde se busca promover el reconocimiento y aprovechamiento de las capacidades de los j\u00f3venes a fin de reducir su v\u00ednculo con las adicciones, la violencia, la delincuencia y la ilegalidad para mejorar su calidad de vida, de ah\u00ed la importancia de la coordinaci\u00f3n con el centro de estudios.<\/p>\n<p>Por su parte el rector del CEUNO, Ezequiel Mac.Callum Niebla coment\u00f3 que esta firma de convenio consolidar\u00e1 el apoyo y disponibilidad por parte de la SSP con la instituci\u00f3n acad\u00e9mica en la difusi\u00f3n de las acciones preventivas en beneficio del alumnado y de la sociedad, trabajando de lado de la seguridad.<\/p>\n<p>Por ello, dijo, el convenio sienta las bases y criterios sobre los cuales se realizar\u00e1n acciones conjuntas de coordinaci\u00f3n y colaboraci\u00f3n para la operaci\u00f3n de los programas espec\u00edficos como son los de: Jornadas donde se impartan pl\u00e1ticas en las universidades con temas como ciberseguridad, violencia en el noviazgo, adicciones, entre otros.<\/p>\n<p>Otra de las bondades de la presente firma de convenio es el apoyo para el desarrollo de pr\u00e1cticas profesionales y servicio social por alumnos universitarios.<\/p>\n<p>Anaya Cooley manifest\u00f3 que se establecer\u00e1n proyectos enfocados a la prevenci\u00f3n, a los que se pueden incorporar los estudiantes del Centro de Estudios Universitarios del Nuevo Occidente, CEUNO, apoyando as\u00ed al trabajo que se realiza en la SSP.<\/p>\n<p>Se promover\u00e1 la realizaci\u00f3n conjunta de estudios y proyectos de investigaci\u00f3n, as\u00ed como la publicaci\u00f3n de libros y trabajos de investigaci\u00f3n y se articular\u00e1n sistemas de presentaci\u00f3n mutua de servicios, sobre temas de inter\u00e9s com\u00fan. <\/p>\n<p>Presentes en la firma de convenio Jorge Andr\u00e9s Suilo Orozco, coordinador estatal del Centro Estatal de Prevenci\u00f3n del Delito y Participaci\u00f3n Ciudadana; Allen Mac.Callum Carrillo, representante legal del Centro de Estudios Universitarios del Nuevo Occidente y Octavio Cibr\u00edan Vidrio, desarrollador del recuperador de testigos bal\u00edsticos RDX3.<br \/>\n<br \/>\n<br \/><a href=\"https:\/\/www.facebook.com\/410063795837854\/posts\/1272352002942358\">Fuente en Fb<\/a>  <\/p>\n","protected":false},"excerpt":{"rendered":"<p>*SSP y CEUNO trabajar\u00e1n coordinadamente en prevenci\u00f3n del delito* *Hermosillo, Sonora, 26 de junio de 2019*.- Con el prop\u00f3sito de involucrar a instituciones acad\u00e9micas en labores de prevenci\u00f3n del delito que realiza el programa estatal \u201cMovimiento Acciones por la Seguridad, MAS\u201d, los titulares de la Secretar\u00eda de Seguridad P\u00fablica (SSP) y el Centro de Estudios [&hellip;]<\/p>\n","protected":false},"author":1,"featured_media":1608,"comment_status":"closed","ping_status":"closed","sticky":false,"template":"","format":"standard","meta":{"_joinchat":[],"footnotes":""},"categories":[14],"tags":[],"class_list":["post-1607","post","type-post","status-publish","format-standard","has-post-thumbnail","hentry","category-noticias"],"_links":{"self":[{"href":"https:\/\/unhi.com.mx\/sitio\/wp-json\/wp\/v2\/posts\/1607","targetHints":{"allow":["GET"]}}],"collection":[{"href":"https:\/\/unhi.com.mx\/sitio\/wp-json\/wp\/v2\/posts"}],"about":[{"href":"https:\/\/unhi.com.mx\/sitio\/wp-json\/wp\/v2\/types\/post"}],"author":[{"embeddable":true,"href":"https:\/\/unhi.com.mx\/sitio\/wp-json\/wp\/v2\/users\/1"}],"replies":[{"embeddable":true,"href":"https:\/\/unhi.com.mx\/sitio\/wp-json\/wp\/v2\/comments?post=1607"}],"version-history":[{"count":1,"href":"https:\/\/unhi.com.mx\/sitio\/wp-json\/wp\/v2\/posts\/1607\/revisions"}],"predecessor-version":[{"id":1609,"href":"https:\/\/unhi.com.mx\/sitio\/wp-json\/wp\/v2\/posts\/1607\/revisions\/1609"}],"wp:featuredmedia":[{"embeddable":true,"href":"https:\/\/unhi.com.mx\/sitio\/wp-json\/wp\/v2\/media\/1608"}],"wp:attachment":[{"href":"https:\/\/unhi.com.mx\/sitio\/wp-json\/wp\/v2\/media?parent=1607"}],"wp:term":[{"taxonomy":"category","embeddable":true,"href":"https:\/\/unhi.com.mx\/sitio\/wp-json\/wp\/v2\/categories?post=1607"},{"taxonomy":"post_tag","embeddable":true,"href":"https:\/\/unhi.com.mx\/sitio\/wp-json\/wp\/v2\/tags?post=1607"}],"curies":[{"name":"wp","href":"https:\/\/api.w.org\/{rel}","templated":true}]}}