{"id":2402,"date":"2020-02-07T10:58:48","date_gmt":"2020-02-07T17:58:48","guid":{"rendered":"http:\/\/ceuno.com.mx\/sitio\/2020\/02\/07\/celebran-reunion-de-trabajo-nuestro-rector-de-ceuno-tu-universidad-con-el-jefe-y-rector-de-universid\/"},"modified":"2020-02-07T11:16:40","modified_gmt":"2020-02-07T18:16:40","slug":"celebran-reunion-de-trabajo-nuestro-rector-de-ceuno-tu-universidad-con-el-jefe-y-rector-de-universid","status":"publish","type":"post","link":"https:\/\/unhi.com.mx\/sitio\/celebran-reunion-de-trabajo-nuestro-rector-de-ceuno-tu-universidad-con-el-jefe-y-rector-de-universid\/","title":{"rendered":"Celebran reuni\u00f3n de trabajo nuestro Rector de CEUNO Tu Universidad con el Jefe y Rector de Universid&#8230;"},"content":{"rendered":"<p><br \/>\nCelebran reuni\u00f3n de trabajo nuestro Rector de CEUNO Tu Universidad con el Jefe y Rector de Universidad Albizu en San Juan Puerto Rico, Dr. Jos\u00e9 Pons-Madera y Dr. Julio Santana, lo anterior a efectos de establecer un plan de trabajo en beneficio de los estudiantes y docentes de ambas instituciones, pero sobre todo para fincar proyectos en beneficio de la sectores espec\u00edficos relacionados con la psicolog\u00eda y neuropsicolog\u00eda.  <a href=\"https:\/\/www.facebook.com\/hashtag\/Educaci\u00f3ndeNuevaGeneraci\u00f3n\">#Educaci\u00f3ndeNuevaGeneraci\u00f3n<\/a><\/p>\n<p><a href=\"https:\/\/www.facebook.com\/ceunotuuniversidad\/photos\/a.410094909168076\/1469820476528842\/?type=3\"><\/a><br \/>\n<br \/>\n<br \/><a href=\"https:\/\/www.facebook.com\/410063795837854\/posts\/1469820556528834\">Fuente en Fb<\/a>  <\/p>\n","protected":false},"excerpt":{"rendered":"<p>Celebran reuni\u00f3n de trabajo nuestro Rector de CEUNO Tu Universidad con el Jefe y Rector de Universidad Albizu en San Juan Puerto Rico, Dr. Jos\u00e9 Pons-Madera y Dr. Julio Santana, lo anterior a efectos de establecer un plan de trabajo en beneficio de los estudiantes y docentes de ambas instituciones, pero sobre todo para fincar [&hellip;]<\/p>\n","protected":false},"author":1,"featured_media":2403,"comment_status":"closed","ping_status":"closed","sticky":false,"template":"","format":"standard","meta":{"_joinchat":[],"footnotes":""},"categories":[14],"tags":[],"class_list":["post-2402","post","type-post","status-publish","format-standard","has-post-thumbnail","hentry","category-noticias"],"_links":{"self":[{"href":"https:\/\/unhi.com.mx\/sitio\/wp-json\/wp\/v2\/posts\/2402","targetHints":{"allow":["GET"]}}],"collection":[{"href":"https:\/\/unhi.com.mx\/sitio\/wp-json\/wp\/v2\/posts"}],"about":[{"href":"https:\/\/unhi.com.mx\/sitio\/wp-json\/wp\/v2\/types\/post"}],"author":[{"embeddable":true,"href":"https:\/\/unhi.com.mx\/sitio\/wp-json\/wp\/v2\/users\/1"}],"replies":[{"embeddable":true,"href":"https:\/\/unhi.com.mx\/sitio\/wp-json\/wp\/v2\/comments?post=2402"}],"version-history":[{"count":1,"href":"https:\/\/unhi.com.mx\/sitio\/wp-json\/wp\/v2\/posts\/2402\/revisions"}],"predecessor-version":[{"id":2404,"href":"https:\/\/unhi.com.mx\/sitio\/wp-json\/wp\/v2\/posts\/2402\/revisions\/2404"}],"wp:featuredmedia":[{"embeddable":true,"href":"https:\/\/unhi.com.mx\/sitio\/wp-json\/wp\/v2\/media\/2403"}],"wp:attachment":[{"href":"https:\/\/unhi.com.mx\/sitio\/wp-json\/wp\/v2\/media?parent=2402"}],"wp:term":[{"taxonomy":"category","embeddable":true,"href":"https:\/\/unhi.com.mx\/sitio\/wp-json\/wp\/v2\/categories?post=2402"},{"taxonomy":"post_tag","embeddable":true,"href":"https:\/\/unhi.com.mx\/sitio\/wp-json\/wp\/v2\/tags?post=2402"}],"curies":[{"name":"wp","href":"https:\/\/api.w.org\/{rel}","templated":true}]}}