{"id":2429,"date":"2020-02-13T15:36:27","date_gmt":"2020-02-13T22:36:27","guid":{"rendered":"http:\/\/ceuno.com.mx\/sitio\/2020\/02\/13\/este-sabado-15-de-febrero-pelea-javier-pumita-rendon-contra-el-campeon-mundial-elwin-la-pulga-s\/"},"modified":"2020-02-13T15:43:24","modified_gmt":"2020-02-13T22:43:24","slug":"este-sabado-15-de-febrero-pelea-javier-pumita-rendon-contra-el-campeon-mundial-elwin-la-pulga-s","status":"publish","type":"post","link":"https:\/\/unhi.com.mx\/sitio\/este-sabado-15-de-febrero-pelea-javier-pumita-rendon-contra-el-campeon-mundial-elwin-la-pulga-s\/","title":{"rendered":"Este s\u00e1bado 15 de febrero pelea Javier &#8220;pumita&#8221; Rend\u00f3n contra el Campe\u00f3n Mundial Elwin  &#8220;La pulga&#8221; S&#8230;"},"content":{"rendered":"<p><br \/>\nEste s\u00e1bado 15 de febrero pelea Javier &#8220;pumita&#8221; Rend\u00f3n contra el Campe\u00f3n Mundial Elwin  &#8220;La pulga&#8221; Soto en Mexicali Baja California, no se pierdan la transmisi\u00f3n de esta pelea estelar de Box Azteca por TV Azteca en cadena nacional as\u00ed como la cobertura previa por M3 Deportes de M3 medios en internet.<\/p>\n<p>Rend\u00f3n entrena en las instalaciones de CEUNO Tu Universidad campus Hermosillo y busca ser el primer campe\u00f3n mundial en la historia de este municipio<\/p>\n<p><a href=\"https:\/\/www.facebook.com\/ceunotuuniversidad\/photos\/a.1384967848347439\/1475120125998877\/?type=3\"><\/a><br \/><a href=\"https:\/\/www.facebook.com\/ceunotuuniversidad\/photos\/a.1384967848347439\/1475120125998877\/?type=3\"><img decoding=\"async\" class=\"wp_automatic_fb_img\" title=\"\" src=\"http:\/\/ceuno.com.mx\/sitio\/wp-content\/uploads\/2020\/02\/este-sabado-15-de-febrero-pelea-javier-pumita-rendon-contra-el-campeon-mundial-elwin-la-pulga-s.xx&#038;oh=167759553ea39a6bff1571d9d2df7d5f&#038;oe=5ED0B8F5\" \/><\/a><br \/>\n<br \/>\n<br \/><a href=\"https:\/\/www.facebook.com\/410063795837854\/posts\/1475120229332200\">Fuente en Fb<\/a>  <\/p>\n","protected":false},"excerpt":{"rendered":"<p>Este s\u00e1bado 15 de febrero pelea Javier &#8220;pumita&#8221; Rend\u00f3n contra el Campe\u00f3n Mundial Elwin &#8220;La pulga&#8221; Soto en Mexicali Baja California, no se pierdan la transmisi\u00f3n de esta pelea estelar de Box Azteca por TV Azteca en cadena nacional as\u00ed como la cobertura previa por M3 Deportes de M3 medios en internet. Rend\u00f3n entrena en [&hellip;]<\/p>\n","protected":false},"author":1,"featured_media":2430,"comment_status":"closed","ping_status":"closed","sticky":false,"template":"","format":"standard","meta":{"_joinchat":[],"footnotes":""},"categories":[14],"tags":[],"class_list":["post-2429","post","type-post","status-publish","format-standard","has-post-thumbnail","hentry","category-noticias"],"_links":{"self":[{"href":"https:\/\/unhi.com.mx\/sitio\/wp-json\/wp\/v2\/posts\/2429","targetHints":{"allow":["GET"]}}],"collection":[{"href":"https:\/\/unhi.com.mx\/sitio\/wp-json\/wp\/v2\/posts"}],"about":[{"href":"https:\/\/unhi.com.mx\/sitio\/wp-json\/wp\/v2\/types\/post"}],"author":[{"embeddable":true,"href":"https:\/\/unhi.com.mx\/sitio\/wp-json\/wp\/v2\/users\/1"}],"replies":[{"embeddable":true,"href":"https:\/\/unhi.com.mx\/sitio\/wp-json\/wp\/v2\/comments?post=2429"}],"version-history":[{"count":1,"href":"https:\/\/unhi.com.mx\/sitio\/wp-json\/wp\/v2\/posts\/2429\/revisions"}],"predecessor-version":[{"id":2431,"href":"https:\/\/unhi.com.mx\/sitio\/wp-json\/wp\/v2\/posts\/2429\/revisions\/2431"}],"wp:featuredmedia":[{"embeddable":true,"href":"https:\/\/unhi.com.mx\/sitio\/wp-json\/wp\/v2\/media\/2430"}],"wp:attachment":[{"href":"https:\/\/unhi.com.mx\/sitio\/wp-json\/wp\/v2\/media?parent=2429"}],"wp:term":[{"taxonomy":"category","embeddable":true,"href":"https:\/\/unhi.com.mx\/sitio\/wp-json\/wp\/v2\/categories?post=2429"},{"taxonomy":"post_tag","embeddable":true,"href":"https:\/\/unhi.com.mx\/sitio\/wp-json\/wp\/v2\/tags?post=2429"}],"curies":[{"name":"wp","href":"https:\/\/api.w.org\/{rel}","templated":true}]}}